[{"@context":"https:\/\/schema.org\/","@type":"Article","@id":"https:\/\/www.amteo.cz\/zazarite\/#Article","mainEntityOfPage":"https:\/\/www.amteo.cz\/zazarite\/","headline":"Zaz\u00e1\u0159\u00edte","name":"Zaz\u00e1\u0159\u00edte","description":"Cht\u011bli byste b\u00fdt t\u011bmi nejkr\u00e1sn\u011bj\u0161\u00edmi a b\u00fdt v pohodln\u00e9m oble\u010den\u00ed, kter\u00e9 bude z\u00e1rove\u0148 designov\u011b zaj\u00edmav\u00e9? [&hellip;]","datePublished":"2025-04-14","dateModified":"2025-04-14","author":{"@type":"Person","@id":"https:\/\/www.amteo.cz\/author\/#Person","name":"","url":"https:\/\/www.amteo.cz\/author\/","identifier":1,"image":{"@type":"ImageObject","@id":"https:\/\/secure.gravatar.com\/avatar\/bac9badfec1c8ddbfb42cc2a45bdd424bcac2f01b51b95470cbfd0bab9e793fd?s=96&d=mm&r=g","url":"https:\/\/secure.gravatar.com\/avatar\/bac9badfec1c8ddbfb42cc2a45bdd424bcac2f01b51b95470cbfd0bab9e793fd?s=96&d=mm&r=g","height":96,"width":96}},"publisher":{"@type":"Organization","name":"amteo.cz","logo":{"@type":"ImageObject","@id":"\/logo.png","url":"\/logo.png","width":600,"height":60}},"url":"https:\/\/www.amteo.cz\/zazarite\/","wordCount":198,"articleBody":"Cht\u011bli byste b\u00fdt t\u011bmi nejkr\u00e1sn\u011bj\u0161\u00edmi a b\u00fdt v pohodln\u00e9m oble\u010den\u00ed, kter\u00e9 bude z\u00e1rove\u0148 designov\u011b zaj\u00edmav\u00e9? R\u00e1di byste si koupili n\u011bco nov\u00e9ho na sebe, n\u011bco, co by V\u00e1s skute\u010dn\u011b pot\u011b\u0161ilo? Pak by se V\u00e1m mohla zal\u00edbit n\u011bjak\u00e1 d\u00e1msk\u00e1 mikina, kter\u00fdch m\u00e1me v sortimentu v\u00edce ne\u017e dost. Cht\u011bli byste m\u00edt n\u011bjakou rozep\u00ednac\u00ed, n\u011bjakou p\u0159\u00edmo p\u0159es hlavu a s kapuc\u00ed anebo si vyberete n\u011bjakou \u00fapln\u011b jinou? Sta\u010d\u00ed si \u0159\u00edci po\u017eadavky a my V\u00e1m je spln\u00edme!Pohodln\u00e9M\u00e1te n\u011bjakou p\u0159esnou p\u0159edstavu anebo jen nejasn\u011b v\u00edte, co byste cht\u011bli? R\u00e1di byste n\u011bjak\u00e9 p\u011bkn\u00e9 vzory, d\u00edky kter\u00fdm by vypadalo oble\u010den\u00ed skute\u010dn\u011b skv\u011ble a v\u00edce ne\u017e dob\u0159e se vyj\u00edmalo ve Va\u0161em \u0161atn\u00edku? Potom jsme tu pro V\u00e1s my i n\u00e1\u0161 person\u00e1l, kter\u00fd V\u00e1m r\u00e1d porad\u00ed se v\u0161\u00edm, co budete pot\u0159ebovat. A\u0165 u\u017e bude nutn\u00e1 jin\u00e1 velikost \u010di barva, pokus\u00edme se V\u00e1m pomoci.                                                                                                                                                                                                                                                                                                                                                                                                "},{"@context":"https:\/\/schema.org\/","@type":"BreadcrumbList","itemListElement":[{"@type":"ListItem","position":1,"name":"Zaz\u00e1\u0159\u00edte","item":"https:\/\/www.amteo.cz\/zazarite\/#breadcrumbitem"}]}]