[{"@context":"https:\/\/schema.org\/","@type":"Article","@id":"https:\/\/www.amteo.cz\/zatocte-se-svym-problemem\/#Article","mainEntityOfPage":"https:\/\/www.amteo.cz\/zatocte-se-svym-problemem\/","headline":"Zato\u010dte se sv\u00fdm probl\u00e9mem","name":"Zato\u010dte se sv\u00fdm probl\u00e9mem","description":"Tr\u00e1p\u00ed v\u00e1s z\u00e1vislost na alkoholu, uv\u011bdomujete si to, ale nev\u00edte, co s\u00a0t\u00edm zkr\u00e1tka d\u011blat? V\u011b\u0159te, [&hellip;]","datePublished":"2024-01-14","dateModified":"2024-01-14","author":{"@type":"Person","@id":"https:\/\/www.amteo.cz\/author\/#Person","name":"","url":"https:\/\/www.amteo.cz\/author\/","identifier":1,"image":{"@type":"ImageObject","@id":"https:\/\/secure.gravatar.com\/avatar\/bac9badfec1c8ddbfb42cc2a45bdd424bcac2f01b51b95470cbfd0bab9e793fd?s=96&d=mm&r=g","url":"https:\/\/secure.gravatar.com\/avatar\/bac9badfec1c8ddbfb42cc2a45bdd424bcac2f01b51b95470cbfd0bab9e793fd?s=96&d=mm&r=g","height":96,"width":96}},"publisher":{"@type":"Organization","name":"amteo.cz","logo":{"@type":"ImageObject","@id":"\/logo.png","url":"\/logo.png","width":600,"height":60}},"url":"https:\/\/www.amteo.cz\/zatocte-se-svym-problemem\/","wordCount":231,"articleBody":"Tr\u00e1p\u00ed v\u00e1s z\u00e1vislost na alkoholu, uv\u011bdomujete si to, ale nev\u00edte, co s\u00a0t\u00edm zkr\u00e1tka d\u011blat? V\u011b\u0159te, \u017ee sami si opravdu nepom\u016f\u017eete, bude pot\u0159eba odborn\u00fd z\u00e1sah. Pokud to mysl\u00edte doopravdy v\u00e1\u017en\u011b a chcete se sv\u00e9ho probl\u00e9mu, kter\u00fd v\u00e1m zajist\u00e9 su\u017euje \u017eivot, zbavit, tak m\u00e1te jedine\u010dnou p\u0159\u00edle\u017eitost. M\u00e1te toti\u017e \u0161anci vyu\u017e\u00edt kr\u00e1tk\u00fd pouze dvaceti osmi denn\u00ed odvykac\u00ed proces, b\u011bhem kter\u00e9ho v\u00e1s p\u0159ejde jak\u00e1koliv chu\u0165 na cokoliv omamn\u00e9ho. Bude to zap\u0159\u00ed\u010din\u011bno hlavn\u011b odborn\u00fdmi debatami a terapiemi, sv\u016fj vliv ale bude m\u00edt i kr\u00e1sn\u00e9 prost\u0159ed\u00ed, kde budete cel\u00fd ten m\u011bs\u00edc pob\u00fdvat. Nem\u011bjte strach z\u00a0b\u00edl\u00fdch neprosv\u011btlen\u00fdch m\u00edstnost\u00ed. V\u0161e bude modern\u011b vybaven\u00e9 a vy se rozhodn\u011b nudit nebudete.\tV\u0161e je v\u00a0cen\u011bSta\u010d\u00ed zaplatit jednotnou cenu a pot\u00e9 se ji\u017e o nic nestarat. Bude v\u00e1m zaji\u0161t\u011bno j\u00eddlo, tedy t\u0159i kvalitn\u00ed a chutn\u00e9 pokrmy denn\u011b. V\u00a0cen\u011b budou hlavn\u011b i v\u0161echny terapie, kter\u00e9 jsou samoz\u0159ejm\u011b nejd\u016fle\u017eit\u011bj\u0161\u00ed. Budete moci ale tak\u00e9 neomezen\u011b vyu\u017e\u00edvat wellness a zkr\u00e1tka v\u0161echna dal\u0161\u00ed p\u0159\u00edslu\u0161enstv\u00ed, kter\u00e1 budete m\u00edt k\u00a0dispozici. Pobyt rozhodn\u011b nebude \u017e\u00e1dn\u00fdm utrpen\u00edm.                                                                                                                                                                                                                                                                                                                                                                                        3.9\/5 - (9 votes)        "},{"@context":"https:\/\/schema.org\/","@type":"BreadcrumbList","itemListElement":[{"@type":"ListItem","position":1,"name":"Zato\u010dte se sv\u00fdm probl\u00e9mem","item":"https:\/\/www.amteo.cz\/zatocte-se-svym-problemem\/#breadcrumbitem"}]}]