[{"@context":"https:\/\/schema.org\/","@type":"Article","@id":"https:\/\/www.amteo.cz\/zase-ty-nestastne-duchody\/#Article","mainEntityOfPage":"https:\/\/www.amteo.cz\/zase-ty-nestastne-duchody\/","headline":"Zase ty ne\u0161\u0165astn\u00e9 d\u016fchody","name":"Zase ty ne\u0161\u0165astn\u00e9 d\u016fchody","description":"Pen\u00edze v lidech vyvol\u00e1vaj\u00ed mnoho emoc\u00ed. Ten, kdo jich m\u00e1 dostatek, \u0159e\u0161\u00ed jejich investov\u00e1n\u00ed. Ten, [&hellip;]","datePublished":"2019-09-19","dateModified":"2023-05-15","author":{"@type":"Person","@id":"https:\/\/www.amteo.cz\/author\/#Person","name":"","url":"https:\/\/www.amteo.cz\/author\/","identifier":1,"image":{"@type":"ImageObject","@id":"https:\/\/secure.gravatar.com\/avatar\/bac9badfec1c8ddbfb42cc2a45bdd424bcac2f01b51b95470cbfd0bab9e793fd?s=96&d=mm&r=g","url":"https:\/\/secure.gravatar.com\/avatar\/bac9badfec1c8ddbfb42cc2a45bdd424bcac2f01b51b95470cbfd0bab9e793fd?s=96&d=mm&r=g","height":96,"width":96}},"publisher":{"@type":"Organization","name":"amteo.cz","logo":{"@type":"ImageObject","@id":"\/logo.png","url":"\/logo.png","width":600,"height":60}},"image":{"@type":"ImageObject","@id":"https:\/\/www.amteo.cz\/wp-content\/uploads\/img_a355445_w3318_t1569698755.jpg","url":"https:\/\/www.amteo.cz\/wp-content\/uploads\/img_a355445_w3318_t1569698755.jpg","height":0,"width":0},"url":"https:\/\/www.amteo.cz\/zase-ty-nestastne-duchody\/","about":["Finance"],"wordCount":497,"articleBody":"Pen\u00edze v lidech vyvol\u00e1vaj\u00ed mnoho emoc\u00ed. Ten, kdo jich m\u00e1 dostatek, \u0159e\u0161\u00ed jejich investov\u00e1n\u00ed. Ten, kdo jich m\u00e1 m\u00e1lo, po\u010d\u00edt\u00e1 ka\u017edou korunu, aby vy\u0161el. A na\u0161e vl\u00e1da, v\u010detn\u011b opozice, neust\u00e1le \u0159e\u0161\u00ed d\u016fchody. Je to takov\u00fd za\u010darovan\u00fd kruh.&#13; &#13; Vysn\u011bn\u00e1 demokracie, kter\u00e1 n\u00e1m p\u0159ed t\u0159iceti lety p\u0159inesla mnoho zm\u011bn v na\u0161ich \u017eivotech se dotkla i na\u0161ich d\u016fchod\u016f. Po\u010d\u00e1tek nedostatku financ\u00ed na d\u016fchodov\u00e9m \u00fa\u010dtu za\u010dal v roce 1993. Kdy z d\u016fvod\u016f r\u016fzn\u00fdch privatizac\u00ed rentabiln\u00edch z\u00e1vod\u016f a p\u0159ev\u00e1\u017en\u011b oddlu\u017een\u00ed bank, kter\u00e9 snad ihned z\u00e1zrakem spadly zahrani\u010dn\u00edm investor\u016fm do kl\u00edna, tak tyto miliardy korun se z d\u016fchodov\u00e9ho \u00fa\u010dtu p\u0159evedly jinam a d\u016fchodov\u00fd \u00fa\u010det se jednodu\u0161e zru\u0161il. V t\u00e9 dob\u011b se podle m\u00edn\u011bn\u00ed oby\u010dejn\u00fdch lid\u00ed ud\u011blalo mnoho \u0161patn\u00fdch rozhodnut\u00ed pro n\u00e1rod. Ale \u017eilo se st\u00e1le v takov\u00e9 euforii svobody\u2026&#13; Samoz\u0159ejm\u011b, \u017ee p\u00e1r des\u00edtek, mo\u017en\u00e1 stovek lid\u00ed, p\u0159i\u0161lo k poh\u00e1dkov\u00e9mu bohatstv\u00ed, ale lid\u00e9 \u2013 d\u016fchodci, kte\u0159\u00ed cel\u00fd \u017eivot odv\u00e1d\u011bli dan\u011b st\u00e1tu, tito d\u016fchodci p\u0159i\u0161li hodn\u011b zkr\u00e1tka. Ti nikdy ze sv\u00e9ho d\u016fchodu nezbohatnou. P\u0159ev\u00e1\u017en\u00e1 v\u011bt\u0161ina d\u016fchodc\u016f p\u0159edt\u00edm \u017eivo\u0159ila, a ti star\u0161\u00ed ani dnes na tom nejsou l\u00e9pe.&#13; &#13; To snad plat\u00ed odjak\u017eiva. Kdo m\u00e1 mal\u00fd d\u016fchod, bude m\u00edt p\u0159id\u00e1no zase m\u00e1lo a ten kdo m\u00e1 v\u00edce, bude m\u00edt o hodn\u011b v\u00edce. I kdy\u017e se na d\u016fchodech postupn\u011b p\u0159id\u00e1v\u00e1, nastaven\u00ed takzvan\u00e9ho vyrovn\u00e1v\u00e1n\u00ed d\u016fchod\u016f (valorizace) snad nebude nikdy nastaveno spr\u00e1vn\u011b. P\u0159ev\u00e1\u017en\u011b v\u011bt\u0161ina d\u016fchodc\u016f by p\u0159ijala podstatn\u011b v\u011bt\u0161\u00ed zv\u00fd\u0161en\u00ed \u201ez\u00e1kladn\u00ed v\u00fdm\u011bry\u201c d\u016fchodu a takzvan\u00e1 \u201eprocentn\u00ed v\u00fdm\u011bra\u201c by mohla b\u00fdt men\u0161\u00ed. &#13; To si mysl\u00edp\u0159ev\u00e1\u017en\u00e1 v\u011bt\u0161ina d\u016fchodc\u016f, kter\u00fdm je v\u00edc jak 65 let a pat\u0159\u00ed sem samoz\u0159ejm\u011b i ti, kter\u00fdch se bytostn\u011b dot\u00fdk\u00e1 rozd\u011blen\u00ed \u010ceskoslovenska v roce 1993. N\u00e1sledn\u011b z\u00e1kon, kter\u00fdm se d\u016fchody rozd\u011blily na \u010desk\u00e9 a slovensk\u00e9, tak na toto doplatila velk\u00e1 \u010d\u00e1st obyvatel, kter\u00e9 jak z rodinn\u00fdch d\u016fvod\u016f, tak zam\u011bstn\u00e1n\u00ed, \u017eili v t\u00e9 dob\u011b na Slovensku. V\u017edy\u0165 od zalo\u017een\u00ed \u010ceskoslovenska v roce 1918 a jeho n\u00e1slednou politikou, to vedlo k tomu, \u017ee po mnoho des\u00edtek let si mnoz\u00ed lid\u00e9 zakl\u00e1dali \u201e\u010desko-slovensk\u00e9\u201c rodiny.&#13; &#13; Jak se to kdysi \u0159\u00edk\u00e1valo? \u201eAby st\u00e1t byl bohat\u00fd a m\u011bl dostatek financ\u00ed na d\u016fchody, rodiny by m\u011bli m\u00edt alespo\u0148 t\u0159i d\u011bti. Dv\u011b d\u011bti zajist\u00ed d\u016fchod rodi\u010d\u016fm a t\u0159et\u00ed p\u0159isp\u011bje st\u00e1tu.\u201c Asi na tom bude kus moudrosti.&#13;                                                                                                                                                                                                                                                                                                                                                                                        4.6\/5 - (11 votes)        "},{"@context":"https:\/\/schema.org\/","@type":"BreadcrumbList","itemListElement":[{"@type":"ListItem","position":1,"name":"Zase ty ne\u0161\u0165astn\u00e9 d\u016fchody","item":"https:\/\/www.amteo.cz\/zase-ty-nestastne-duchody\/#breadcrumbitem"}]}]