[{"@context":"https:\/\/schema.org\/","@type":"Article","@id":"https:\/\/www.amteo.cz\/uzivejte-si-sezonu-presne-tak-jak-jste-zvykli\/#Article","mainEntityOfPage":"https:\/\/www.amteo.cz\/uzivejte-si-sezonu-presne-tak-jak-jste-zvykli\/","headline":"U\u017e\u00edvejte si sez\u00f3nu p\u0159esn\u011b tak, jak jste zvykl\u00ed","name":"U\u017e\u00edvejte si sez\u00f3nu p\u0159esn\u011b tak, jak jste zvykl\u00ed","description":"Ka\u017ed\u00fd \u010dlov\u011bk si zvykne na ur\u010dit\u00fd standart a pokud je takov\u00fd standart naru\u0161en, m\u016f\u017ee to [&hellip;]","datePublished":"2020-08-08","dateModified":"2023-05-15","author":{"@type":"Person","@id":"https:\/\/www.amteo.cz\/author\/#Person","name":"","url":"https:\/\/www.amteo.cz\/author\/","identifier":1,"image":{"@type":"ImageObject","@id":"https:\/\/secure.gravatar.com\/avatar\/bac9badfec1c8ddbfb42cc2a45bdd424bcac2f01b51b95470cbfd0bab9e793fd?s=96&d=mm&r=g","url":"https:\/\/secure.gravatar.com\/avatar\/bac9badfec1c8ddbfb42cc2a45bdd424bcac2f01b51b95470cbfd0bab9e793fd?s=96&d=mm&r=g","height":96,"width":96}},"publisher":{"@type":"Organization","name":"amteo.cz","logo":{"@type":"ImageObject","@id":"\/logo.png","url":"\/logo.png","width":600,"height":60}},"image":{"@type":"ImageObject","@id":"https:\/\/www.amteo.cz\/wp-content\/uploads\/swimming-pool-765312_1280.jpg","url":"https:\/\/www.amteo.cz\/wp-content\/uploads\/swimming-pool-765312_1280.jpg","height":0,"width":0},"url":"https:\/\/www.amteo.cz\/uzivejte-si-sezonu-presne-tak-jak-jste-zvykli\/","about":["Podnik\u00e1n\u00ed"],"wordCount":408,"articleBody":"           Ka\u017ed\u00fd \u010dlov\u011bk si zvykne na ur\u010dit\u00fd standart a pokud je takov\u00fd standart naru\u0161en, m\u016f\u017ee to b\u00fdt mnohdy velmi nep\u0159\u00edjemn\u00e9. V l\u00e9t\u011b se lid\u00e9 t\u011b\u0161\u00ed a\u017e budou kone\u010dn\u011b moct vyu\u017e\u00edvat v\u0161ech vymo\u017eenost\u00ed, kter\u00e9 si do sv\u00e9ho domu po\u0159\u00eddili a pokud se to n\u011bjak zkomplikuje, v\u017edy je to nep\u0159\u00edjemn\u00e9. Kone\u010dn\u011b sv\u00edt\u00ed slunko a Vy se t\u011b\u0161\u00edte a\u017e budete moct na sv\u00e9 zahrad\u011b vyu\u017e\u00edt baz\u00e9n, v\u00ed\u0159ivku a podobn\u00e9 vymo\u017eenosti, ale n\u011bco se zkomplikovalo. Tepeln\u00e9 \u010derpadlo nefunguje tak, jak by m\u011blo a Vy m\u00e1te strach, \u017ee tuto sez\u00f3nu si neu\u017eijete p\u0159esn\u011b tak, jak jste si p\u0159edstavovali. Kupovat toti\u017e nov\u00fd vyjde opravdu velmi draho, proto se to v\u011bt\u0161in\u011b lidem nevyplat\u00ed. Rozumn\u011bj\u0161\u00ed variantou je, nechat si v\u0161e opravit od opravdov\u00fdch odborn\u00edk\u016f a u\u017e\u00edvat si letn\u00ed dny p\u0159esn\u011b tak, jak jste byli doposud zvykl\u00ed. Sh\u00e1n\u00edte-li kvalitn\u00ed servis baz\u00e9nov\u00fdch \u010derpadel, zaru\u010dujeme V\u00e1m, \u017ee jste u n\u00e1s na spr\u00e1vn\u00e9m m\u00edst\u011b. Star\u00e1me se o ve\u0161ker\u00fd servis a opravy baz\u00e9n\u016f a v\u00ed\u0159ivek za ty nejlep\u0161\u00ed ceny na trhu a dok\u00e1\u017eeme vy\u0159e\u0161it t\u00e9m\u011b\u0159 jak\u00fdkoli probl\u00e9m. M\u016f\u017eete si b\u00fdt naprosto jisti, \u017ee vy\u0159e\u0161\u00edme i ty nejv\u011bt\u0161\u00ed probl\u00e9my za velmi kr\u00e1tkou dobu a za velmi n\u00edzk\u00e9 ceny. Nezapome\u0148te se tak\u00e9 o sv\u00e9 vymo\u017eenosti pravideln\u011b starat. Nemus\u00edte nutn\u011b \u010dekat na to, a\u017e se takov\u00e1 v\u00ed\u0159ivka sama porouch\u00e1, to u\u017e m\u016f\u017ee b\u00fdt mnohdy i pozd\u011b. Je velmi d\u016fle\u017eit\u00e9 se o tyto v\u011bci pravideln\u011b starat a najmout si t\u00fdm kvalifikovan\u00fdch odborn\u00edk\u016f, kte\u0159\u00ed V\u00e1m pravideln\u011b ud\u011blaj\u00ed kvalitn\u00ed kontroly, d\u00edky kter\u00fdm se V\u00e1m rozhodn\u011b jen tak nic neporouch\u00e1. Starejte se o sv\u00e9 letn\u00ed vymo\u017eenosti pravideln\u011b a nev\u00e1hejte n\u00e1s kontaktovat. Nab\u00edz\u00edme v\u0161emo\u017en\u00e9 pr\u00e1ce, kter\u00e9 jist\u011b vyu\u017eijete a d\u00edky kter\u00fdm si budete moct u\u017e\u00edt opravdov\u00e9 l\u00e9to p\u0159esn\u011b tak, jak jste si v\u017edy p\u0159edstavovali. Uvid\u00edte sami, \u017ee lep\u0161\u00ed t\u00fdm jste si ani nemohli p\u0159edstavit a \u017ee pr\u00e1ce, kter\u00e1 bude odvedena, za to rozhodn\u011b stoj\u00ed a jist\u011b ji ocen\u00edte nejl\u00e9pe, jak m\u016f\u017eete.                                                                                                                                                                                                                                                                                                                                                                                           4.8\/5 - (10 votes)        "},{"@context":"https:\/\/schema.org\/","@type":"BreadcrumbList","itemListElement":[{"@type":"ListItem","position":1,"name":"U\u017e\u00edvejte si sez\u00f3nu p\u0159esn\u011b tak, jak jste zvykl\u00ed","item":"https:\/\/www.amteo.cz\/uzivejte-si-sezonu-presne-tak-jak-jste-zvykli\/#breadcrumbitem"}]}]