[{"@context":"https:\/\/schema.org\/","@type":"Article","@id":"https:\/\/www.amteo.cz\/prozivame-ekonomicky-zazrak\/#Article","mainEntityOfPage":"https:\/\/www.amteo.cz\/prozivame-ekonomicky-zazrak\/","headline":"Pro\u017e\u00edv\u00e1me ekonomick\u00fd z\u00e1zrak?","name":"Pro\u017e\u00edv\u00e1me ekonomick\u00fd z\u00e1zrak?","description":"M\u00e1me se pr\u00fd tak dob\u0159e, jako snad je\u0161t\u011b nikdy. Proto\u017ee se na\u0161\u00ed ekonomice mimo\u0159\u00e1dn\u011b da\u0159\u00ed, [&hellip;]","datePublished":"2018-12-22","dateModified":"2023-05-15","author":{"@type":"Person","@id":"https:\/\/www.amteo.cz\/author\/#Person","name":"","url":"https:\/\/www.amteo.cz\/author\/","identifier":1,"image":{"@type":"ImageObject","@id":"https:\/\/secure.gravatar.com\/avatar\/bac9badfec1c8ddbfb42cc2a45bdd424bcac2f01b51b95470cbfd0bab9e793fd?s=96&d=mm&r=g","url":"https:\/\/secure.gravatar.com\/avatar\/bac9badfec1c8ddbfb42cc2a45bdd424bcac2f01b51b95470cbfd0bab9e793fd?s=96&d=mm&r=g","height":96,"width":96}},"publisher":{"@type":"Organization","name":"amteo.cz","logo":{"@type":"ImageObject","@id":"\/logo.png","url":"\/logo.png","width":600,"height":60}},"image":{"@type":"ImageObject","@id":"https:\/\/www.amteo.cz\/wp-content\/uploads\/img_a333038_w2084_t1546171521.jpg","url":"https:\/\/www.amteo.cz\/wp-content\/uploads\/img_a333038_w2084_t1546171521.jpg","height":0,"width":0},"url":"https:\/\/www.amteo.cz\/prozivame-ekonomicky-zazrak\/","wordCount":591,"articleBody":"M\u00e1me se pr\u00fd tak dob\u0159e, jako snad je\u0161t\u011b nikdy. Proto\u017ee se na\u0161\u00ed ekonomice mimo\u0159\u00e1dn\u011b da\u0159\u00ed, tato roste a d\u00edky tomu je tak l\u00e9pe ka\u017ed\u00e9mu z n\u00e1s. Podle  v\u00fdrazn\u011b roste n\u00e1\u0161 hrub\u00fd dom\u00e1c\u00ed produkt. D\u00edky tomu kles\u00e1 nezam\u011bstnanost a rostou p\u0159\u00edjmy lid\u00ed, d\u00edky tomu stoup\u00e1 na\u0161e \u017eivotn\u00ed \u00farove\u0148. A to je p\u0159ece dobr\u00e1 zpr\u00e1va, \u017ee? Jen\u017ee \u010demu vd\u011b\u010d\u00edme za to, \u017ee se m\u00e1me tak skv\u011ble? Do jist\u00e9 m\u00edry za to m\u016f\u017ee zahrani\u010dn\u00ed obchod. Lid\u00e9 v zahrani\u010d\u00ed, zejm\u00e9na v sousedn\u00edch eurounijn\u00edch zem\u00edch, se maj\u00ed l\u00e9pe a l\u00e9pe a tud\u00ed\u017e v\u00edce nakupuj\u00ed i zbo\u017e\u00ed p\u016fvodem od n\u00e1s, \u010d\u00edm\u017e n\u00e1m d\u00e1vaj\u00ed slu\u0161n\u011b vyd\u011blat. A proto\u017ee si toho na\u0161eho \u017e\u00e1daj\u00ed v\u00edce a v\u00edce, je pot\u0159eba v\u00edce vyr\u00e1b\u011bt a na\u0161i lid\u00e9 tak sn\u00e1ze nal\u00e9zaj\u00ed pr\u00e1ci a mohou si vydob\u00fdt lep\u0161\u00ed pracovn\u00ed podm\u00ednky. V\u00fdm\u011bnou za v\u011bt\u0161\u00ed produktivitu, pochopiteln\u011b. Ov\u0161em dob\u0159e se nem\u00e1me jenom d\u00edky zahrani\u010dn\u00edm odb\u011bratel\u016fm. Roste i spot\u0159eba na\u0161ich dom\u00e1cnost\u00ed, spot\u0159ebitel\u00e9 jsou optimisti\u010dt\u00ed a neboj\u00ed se utr\u00e1cet a to na\u0161i ekonomiku tak\u00e9 o\u017eivuje. A pr\u00fd tomu tak bude i nad\u00e1le. M\u016f\u017eeme pr\u00fd na sebe b\u00fdt py\u0161n\u00ed, proto\u017ee na\u0161e ekonomika roste dokonce rychleji ne\u017e ekonomika euroz\u00f3ny, respektive Evropsk\u00e9 unie. Jsme tedy u\u010din\u011bn\u00fdmi evropsk\u00fdmi premianty. M\u00e1me se \u010d\u00edm d\u00e1l t\u00edm l\u00e9pe a v nadch\u00e1zej\u00edc\u00edch letech se pr\u00fd dokonce p\u0159ibl\u00ed\u017e\u00edme v \u017eivotn\u00ed \u00farovni vysp\u011bl\u00fdm z\u00e1padoevropsk\u00fdm zem\u00edm. Tolik optimismu u\u017e na\u0161e zem\u011b dlouho neza\u017eila. U\u017e\u00edv\u00e1me si ho vlastn\u011b teprve od doby vl\u00e1dnut\u00ed p\u0159edchoz\u00ed soci\u00e1ln\u011b-demokratick\u00e9 vl\u00e1dy. Kter\u00e1 tento z\u00e1zrak spustila. T\u00edm, \u017ee u\u010dinila naprosto trivi\u00e1ln\u00ed krok. Nechala natisknout stra\u0161nou hromadu ni\u010d\u00edm nekryt\u00fdch pen\u011bz, je\u017e za\u010dala vz\u00e1p\u011bt\u00ed populisticky rozhazovat na v\u0161echny strany. Bylo jich tolik, \u017ee u\u017e o n\u011b leckdo i p\u0159est\u00e1v\u00e1 st\u00e1t a cpe je do lec\u010deho, jen aby se jich aspo\u0148 relativn\u011b rozumn\u011b zbavil. A \u201eEvropa\u201c u\u010dinila obdobn\u011b. Vyr\u00e1b\u00edme tak v\u00edc a v\u00edc, aby se ty pen\u00edze n\u011bjak udaly. A proto\u017ee jich je moc, vyvol\u00e1vaj\u00ed p\u0159\u00edmo nezdravou \u201ezdravou inflaci\u201c. Je\u017e jednodu\u0161e po\u017e\u00edr\u00e1 jejich re\u00e1lnou hodnotu. Pen\u011bz tak mo\u017en\u00e1 dost\u00e1v\u00e1me v\u00edc a v\u00edc, jen\u017ee u\u017e dnes doch\u00e1z\u00ed po euforii op\u011bt k normalizaci. K naprosto logick\u00e9mu zdra\u017eov\u00e1n\u00ed. Tak\u017ee se m\u00e1me a \u010d\u00edm d\u00e1l v\u00edce i budeme m\u00edt h\u016f\u0159 a h\u016f\u0159. Inflace po\u017e\u00edr\u00e1 \u00faspory, d\u011bl\u00e1 z na\u0161ich stejn\u011b jako eurounijn\u00edch pen\u011bz \u010d\u00edm d\u00e1l bezcenn\u011bj\u0161\u00ed pap\u00edrky. Z \u010deho\u017e existuj\u00ed jenom dv\u011b cesty ven. Bu\u010f se to zadrhne a v\u0161ichni zapl\u00e1\u010deme, nebo na\u0161i \u201edobrodu\u0161n\u00ed\u201c politici a bank\u00e9\u0159i natisknou a rozdaj\u00ed dal\u0161\u00ed pen\u00edze, kter\u00e9 vyvolaj\u00ed dal\u0161\u00ed euforii, dal\u0161\u00ed inflaci a dal\u0161\u00ed znehodnocen\u00ed on\u011bch pap\u00edrk\u016f, jim\u017e se dnes \u0159\u00edk\u00e1 pen\u00edze. A je\u017e mo\u017en\u00e1 d\u00edky podobn\u00fdm \u201eekonomick\u00fdm z\u00e1zrak\u016fm\u201c jednou budou jenom neprakticky tvrd\u00fdm poti\u0161t\u011bn\u00fdm toaletn\u00edm pap\u00edrem.                                                                                                                                                                                                                                                                                                                                                                                        3.7\/5 - (6 votes)        "},{"@context":"https:\/\/schema.org\/","@type":"BreadcrumbList","itemListElement":[{"@type":"ListItem","position":1,"name":"Pro\u017e\u00edv\u00e1me ekonomick\u00fd z\u00e1zrak?","item":"https:\/\/www.amteo.cz\/prozivame-ekonomicky-zazrak\/#breadcrumbitem"}]}]