{"@context":"https:\/\/schema.org\/","@type":"CollectionPage","@id":"https:\/\/www.amteo.cz\/auto-moto\/#CollectionPage","headline":"Auto moto Category","description":"","url":"https:\/\/www.amteo.cz\/auto-moto\/","hasPart":[{"@type":"Article","@id":"https:\/\/www.amteo.cz\/meli-by-i-stari-lide-ridit-auto\/","headline":"M\u011bli by i sta\u0159\u00ed lid\u00e9 \u0159\u00eddit auto?","url":"https:\/\/www.amteo.cz\/meli-by-i-stari-lide-ridit-auto\/","datePublished":"2024-07-27","dateModified":"2024-07-27","mainEntityOfPage":"https:\/\/www.amteo.cz\/meli-by-i-stari-lide-ridit-auto\/","author":{"@type":"Person","@id":"https:\/\/www.amteo.cz\/author\/#Person","name":"","url":"https:\/\/www.amteo.cz\/author\/","identifier":1,"image":{"@type":"ImageObject","@id":"https:\/\/secure.gravatar.com\/avatar\/bac9badfec1c8ddbfb42cc2a45bdd424bcac2f01b51b95470cbfd0bab9e793fd?s=96&d=mm&r=g","url":"https:\/\/secure.gravatar.com\/avatar\/bac9badfec1c8ddbfb42cc2a45bdd424bcac2f01b51b95470cbfd0bab9e793fd?s=96&d=mm&r=g","height":96,"width":96}},"publisher":{"@type":"Organization","name":"amteo.cz","logo":{"@type":"ImageObject","@id":"\/logo.png","url":"\/logo.png","width":600,"height":60}},"image":{"@type":"ImageObject","@id":"https:\/\/www.amteo.cz\/wp-content\/uploads\/auto2_10_10_10_10_10_10_10_3.jpg","url":"https:\/\/www.amteo.cz\/wp-content\/uploads\/auto2_10_10_10_10_10_10_10_3.jpg","height":0,"width":0},"keywords":null},{"@type":"Article","@id":"https:\/\/www.amteo.cz\/proc-se-musime-poutat-v-aute-a-autobuse-ale-ne-ve-vlaku\/","headline":"Pro\u010d se mus\u00edme poutat v aut\u011b a autobuse, ale ne ve vlaku","url":"https:\/\/www.amteo.cz\/proc-se-musime-poutat-v-aute-a-autobuse-ale-ne-ve-vlaku\/","datePublished":"2022-12-13","dateModified":"2023-10-16","mainEntityOfPage":"https:\/\/www.amteo.cz\/proc-se-musime-poutat-v-aute-a-autobuse-ale-ne-ve-vlaku\/","author":{"@type":"Person","@id":"https:\/\/www.amteo.cz\/author\/#Person","name":"","url":"https:\/\/www.amteo.cz\/author\/","identifier":1,"image":{"@type":"ImageObject","@id":"https:\/\/secure.gravatar.com\/avatar\/bac9badfec1c8ddbfb42cc2a45bdd424bcac2f01b51b95470cbfd0bab9e793fd?s=96&d=mm&r=g","url":"https:\/\/secure.gravatar.com\/avatar\/bac9badfec1c8ddbfb42cc2a45bdd424bcac2f01b51b95470cbfd0bab9e793fd?s=96&d=mm&r=g","height":96,"width":96}},"publisher":{"@type":"Organization","name":"amteo.cz","logo":{"@type":"ImageObject","@id":"\/logo.png","url":"\/logo.png","width":600,"height":60}},"image":{"@type":"ImageObject","@id":"https:\/\/www.amteo.cz\/wp-content\/uploads\/auto32.jpg","url":"https:\/\/www.amteo.cz\/wp-content\/uploads\/auto32.jpg","height":0,"width":0},"keywords":null},{"@type":"Article","@id":"https:\/\/www.amteo.cz\/i-ojete-auto-muzete-koupit-v-kvalitnim-stavu-a-za-dobrou-cenu\/","headline":"I ojet\u00e9 auto m\u016f\u017eete koupit v kvalitn\u00edm stavu a za dobrou cenu","url":"https:\/\/www.amteo.cz\/i-ojete-auto-muzete-koupit-v-kvalitnim-stavu-a-za-dobrou-cenu\/","datePublished":"2019-09-01","dateModified":"2023-05-15","mainEntityOfPage":"https:\/\/www.amteo.cz\/i-ojete-auto-muzete-koupit-v-kvalitnim-stavu-a-za-dobrou-cenu\/","author":{"@type":"Person","@id":"https:\/\/www.amteo.cz\/author\/#Person","name":"","url":"https:\/\/www.amteo.cz\/author\/","identifier":1,"image":{"@type":"ImageObject","@id":"https:\/\/secure.gravatar.com\/avatar\/bac9badfec1c8ddbfb42cc2a45bdd424bcac2f01b51b95470cbfd0bab9e793fd?s=96&d=mm&r=g","url":"https:\/\/secure.gravatar.com\/avatar\/bac9badfec1c8ddbfb42cc2a45bdd424bcac2f01b51b95470cbfd0bab9e793fd?s=96&d=mm&r=g","height":96,"width":96}},"publisher":{"@type":"Organization","name":"amteo.cz","logo":{"@type":"ImageObject","@id":"\/logo.png","url":"\/logo.png","width":600,"height":60}},"image":{"@type":"ImageObject","@id":"https:\/\/www.amteo.cz\/wp-content\/uploads\/img_a355460_w3318_t1569737377.jpg","url":"https:\/\/www.amteo.cz\/wp-content\/uploads\/img_a355460_w3318_t1569737377.jpg","height":0,"width":0},"keywords":null},{"@type":"Article","@id":"https:\/\/www.amteo.cz\/s-drzakem-na-mobil-do-auta-muzete-bezpecne-telefonovat-i-za-jizdy\/","headline":"S dr\u017e\u00e1kem na mobil do auta m\u016f\u017eete bezpe\u010dn\u011b telefonovat i za j\u00edzdy","url":"https:\/\/www.amteo.cz\/s-drzakem-na-mobil-do-auta-muzete-bezpecne-telefonovat-i-za-jizdy\/","datePublished":"2019-01-25","dateModified":"2023-05-15","mainEntityOfPage":"https:\/\/www.amteo.cz\/s-drzakem-na-mobil-do-auta-muzete-bezpecne-telefonovat-i-za-jizdy\/","author":{"@type":"Person","@id":"https:\/\/www.amteo.cz\/author\/#Person","name":"","url":"https:\/\/www.amteo.cz\/author\/","identifier":1,"image":{"@type":"ImageObject","@id":"https:\/\/secure.gravatar.com\/avatar\/bac9badfec1c8ddbfb42cc2a45bdd424bcac2f01b51b95470cbfd0bab9e793fd?s=96&d=mm&r=g","url":"https:\/\/secure.gravatar.com\/avatar\/bac9badfec1c8ddbfb42cc2a45bdd424bcac2f01b51b95470cbfd0bab9e793fd?s=96&d=mm&r=g","height":96,"width":96}},"publisher":{"@type":"Organization","name":"amteo.cz","logo":{"@type":"ImageObject","@id":"\/logo.png","url":"\/logo.png","width":600,"height":60}},"image":{"@type":"ImageObject","@id":"https:\/\/www.amteo.cz\/wp-content\/uploads\/img_a335259_w2263_t1548622167.jpg","url":"https:\/\/www.amteo.cz\/wp-content\/uploads\/img_a335259_w2263_t1548622167.jpg","height":0,"width":0},"keywords":null}]}